{"id":5813,"date":"2026-04-23T07:03:26","date_gmt":"2026-04-23T07:03:26","guid":{"rendered":"https:\/\/poduridedor.uslr.md\/?p=5813"},"modified":"2026-04-23T12:30:26","modified_gmt":"2026-04-23T12:30:26","slug":"reportaj-topografia-sunetului-si-a-memoriei-la-festivalul-cantecului-pascal","status":"publish","type":"post","link":"https:\/\/poduridedor.uslr.md\/?p=5813","title":{"rendered":"REPORTAJ: Topografia sunetului \u0219i a memoriei la Festivalul C\u00e2ntecului Pascal"},"content":{"rendered":"<div id=\"model-response-message-contentr_f331d51689af56e2\" class=\"markdown markdown-main-panel enable-updated-hr-color\" dir=\"ltr\" aria-live=\"polite\" aria-busy=\"false\">\n<p data-path-to-node=\"1\">Edi\u021bia a VII-a a Festivalului C\u00e2ntecului Pascal a reunit la D\u0103nceni peste 500 de participan\u021bi, structura\u021bi \u00een 31 de colective artistice. Aria de provenien\u021b\u0103 a grupurilor a cuprins localit\u0103\u021bi precum Giurgiule\u0219ti, Cahul, Coste\u0219ti, Hore\u0219ti \u0219i Chi\u0219in\u0103u, acoperind un spectru larg al repertoriului de prim\u0103var\u0103.<\/p>\n<h3 data-path-to-node=\"2\">Rigoarea tehnic\u0103 \u0219i vestimentar\u0103<\/h3>\n<p data-path-to-node=\"3\">Programul a fost monitorizat de o comisie de specialitate, format\u0103 din Emilia Moraru, Ion Gerleus \u0219i Victor Botnaru. Jurizarea a vizat parametri tehnici lega\u021bi de execu\u021bia vocal\u0103 \u0219i de autenticitatea costumelor. \u00cen cadrul evenimentului au fost identificate piese de port popular cu o vechime documentat\u0103 de peste 200 de ani, prezentate ca exponate de memorie istoric\u0103.<\/p>\n<h3 data-path-to-node=\"4\">Expozi\u021bii \u0219i component\u0103 social\u0103<\/h3>\n<p data-path-to-node=\"5\">Sec\u021biunea de art\u0103 aplicat\u0103 a inclus expozi\u021bii de artizanat textil, semnate de Elena Diftirenco \u0219i Silvia Ursu-Foc\u0219a. Totodat\u0103, sub coordonarea Auric\u0103i Cazacu, au fost prezentate obiecte realizate \u00een atelierele pentru refugia\u021bi, integr\u00e2nd astfel o dimensiune de sprijin comunitar \u00een structura manifest\u0103rii.<\/p>\n<h3 data-path-to-node=\"6\">Managementul operativ<\/h3>\n<p data-path-to-node=\"7\">\u00centregul flux de participan\u021bi a fost gestionat de amfitrioana evenimentului,\u00a0 Galina Maleca, interpret\u0103 de folclor,\u00a0 pre\u0219edinta Asocia\u021biei \u201eComoara Talentelor\u201d \u0219i Marina Donos, designer grafic. Coordonarea logisticii necesare a fost realizat\u0103 cu suportul echipei locale \u0219i al ansamblului \u201eSoacrele\u201d, care au asigurat primirea delega\u021biilor \u0219i resursele pe parcursul \u00eentregii zile.<\/p>\n<h3 data-path-to-node=\"8\">Finalizarea programului<\/h3>\n<p data-path-to-node=\"9\">Evenimentul s-a \u00eencheiat prin decernarea diplomelor de laureat. Fiecare grup participant a primit, din partea organizatorilor, cadouri \u00een semn de recunoa\u0219tere a prezen\u021bei \u0219i a activit\u0103\u021bii depuse \u00een cadrul festivalului.<\/p>\n<\/div>\n\n\n<p><\/p>\n","protected":false},"excerpt":{"rendered":"<p>Edi\u021bia a VII-a a Festivalului C\u00e2ntecului Pascal a reunit la D\u0103nceni peste 500 de participan\u021bi, structura\u021bi \u00een 31 de colective[&#8230;]<\/p>\n","protected":false},"author":1,"featured_media":5821,"comment_status":"open","ping_status":"open","sticky":true,"template":"","format":"standard","meta":{"om_disable_all_campaigns":false,"_monsterinsights_skip_tracking":false,"_monsterinsights_sitenote_active":false,"_monsterinsights_sitenote_note":"","_monsterinsights_sitenote_category":0,"footnotes":""},"categories":[1],"tags":[],"class_list":["post-5813","post","type-post","status-publish","format-standard","has-post-thumbnail","hentry","category-uncategorized"],"aioseo_notices":[],"_links":{"self":[{"href":"https:\/\/poduridedor.uslr.md\/index.php?rest_route=\/wp\/v2\/posts\/5813","targetHints":{"allow":["GET"]}}],"collection":[{"href":"https:\/\/poduridedor.uslr.md\/index.php?rest_route=\/wp\/v2\/posts"}],"about":[{"href":"https:\/\/poduridedor.uslr.md\/index.php?rest_route=\/wp\/v2\/types\/post"}],"author":[{"embeddable":true,"href":"https:\/\/poduridedor.uslr.md\/index.php?rest_route=\/wp\/v2\/users\/1"}],"replies":[{"embeddable":true,"href":"https:\/\/poduridedor.uslr.md\/index.php?rest_route=%2Fwp%2Fv2%2Fcomments&post=5813"}],"version-history":[{"count":6,"href":"https:\/\/poduridedor.uslr.md\/index.php?rest_route=\/wp\/v2\/posts\/5813\/revisions"}],"predecessor-version":[{"id":5825,"href":"https:\/\/poduridedor.uslr.md\/index.php?rest_route=\/wp\/v2\/posts\/5813\/revisions\/5825"}],"wp:featuredmedia":[{"embeddable":true,"href":"https:\/\/poduridedor.uslr.md\/index.php?rest_route=\/wp\/v2\/media\/5821"}],"wp:attachment":[{"href":"https:\/\/poduridedor.uslr.md\/index.php?rest_route=%2Fwp%2Fv2%2Fmedia&parent=5813"}],"wp:term":[{"taxonomy":"category","embeddable":true,"href":"https:\/\/poduridedor.uslr.md\/index.php?rest_route=%2Fwp%2Fv2%2Fcategories&post=5813"},{"taxonomy":"post_tag","embeddable":true,"href":"https:\/\/poduridedor.uslr.md\/index.php?rest_route=%2Fwp%2Fv2%2Ftags&post=5813"}],"curies":[{"name":"wp","href":"https:\/\/api.w.org\/{rel}","templated":true}]}}